{"id":981,"date":"2025-10-30T23:15:39","date_gmt":"2025-10-30T22:15:39","guid":{"rendered":"https:\/\/mentalia.pl\/english\/?p=981"},"modified":"2025-10-31T10:51:18","modified_gmt":"2025-10-31T09:51:18","slug":"%f0%9f%a7%ad-were-engaged-in-the-life-and-growth-of-our-polish-psychological-association-%f0%9f%a4%9d","status":"publish","type":"post","link":"https:\/\/mentalia.pl\/english\/blog\/2025\/10\/30\/%f0%9f%a7%ad-were-engaged-in-the-life-and-growth-of-our-polish-psychological-association-%f0%9f%a4%9d\/","title":{"rendered":"\ud83e\udded\u00a0We\u2019re engaged in the life and growth of our Polish Psychological Association \ud83e\udd1d"},"content":{"rendered":"<div id=\"dslc-main\">\r\n\t\t<div  class=\"dslc-modules-section \" style=\"padding-bottom:220px;padding-top:220px;background-image:url(https:\/\/mentalia.pl\/english\/wp-content\/uploads\/sites\/2\/2018\/10\/Depositphotos_90398246_xl-2015.jpg);background-repeat:no-repeat;background-position:center bottom;background-attachment:fixed;background-size:cover;\" data-section-id=\"9ed2cf25247\">\r\n\t\t\t\t\r\n\t\t\t\t\r\n\t\t\t\t<div class=\"dslc-modules-section-wrapper dslc-clearfix\"><div class=\"dslc-modules-area dslc-col dslc-12-col dslc-last-col dslc-valign- \" data-size=\"12\" data-valign=\"\">\r\n\t\t<div id=\"dslc-module-93b91371c1c\" class=\"dslc-module-front dslc-module-DSLC_TP_Title dslc-in-viewport-check dslc-in-viewport-anim-none  dslc-col dslc-12-col dslc-last-col  dslc-module-handle-like-regular \" data-module-id=\"93b91371c1c\" data-module=\"DSLC_TP_Title\" data-dslc-module-size=\"12\" data-dslc-anim=\"none\" data-dslc-anim-delay=\"\" data-dslc-anim-duration=\"650\"  data-dslc-anim-easing=\"ease\" data-dslc-preset=\"none\" >\r\n\r\n\t\t\t\r\n\t\t\t\r\n\t\t\r\n\t\t\t\t<div class=\"dslc-tp-title\"><h1>\ud83e\udded\u00a0We\u2019re engaged in the life and growth of our Polish Psychological Association \ud83e\udd1d<\/h1><\/div>\r\n\r\n\t\t\t\r\n\t\t\t\t<\/div><!-- .dslc-module -->\r\n\t\t<\/div><\/div><\/div>\r\n\t\t<div  class=\"dslc-modules-section \" style=\"\" data-section-id=\"6a337436177\">\r\n\t\t\t\t\r\n\t\t\t\t\r\n\t\t\t\t<div class=\"dslc-modules-section-wrapper dslc-clearfix\"><div class=\"dslc-modules-area dslc-col dslc-2-col dslc-first-col dslc-valign- \" data-size=\"2\" data-valign=\"\"><\/div><div class=\"dslc-modules-area dslc-col dslc-8-col  dslc-valign- \" data-size=\"8\" data-valign=\"\">\r\n\t\t<div id=\"dslc-module-32c0ebab6fe\" class=\"dslc-module-front dslc-module-DSLC_TP_Thumbnail dslc-in-viewport-check dslc-in-viewport-anim-none  dslc-col dslc-12-col dslc-last-col  dslc-module-handle-like-regular \" data-module-id=\"32c0ebab6fe\" data-module=\"DSLC_TP_Thumbnail\" data-dslc-module-size=\"12\" data-dslc-anim=\"none\" data-dslc-anim-delay=\"\" data-dslc-anim-duration=\"650\"  data-dslc-anim-easing=\"ease\" data-dslc-preset=\"none\" >\r\n\r\n\t\t\t\r\n\t\t\t\r\n\t\t\r\n\t\t\t<div class=\"dslc-tp-thumbnail\">\r\n\t\t\t\t\t\t\t\t\t\t\t\t\t\t\t<img width=\"1920\" height=\"1439\" src=\"https:\/\/mentalia.pl\/english\/wp-content\/uploads\/sites\/2\/2025\/10\/IMG_5435.jpg\" class=\"attachment-full size-full wp-post-image\" alt=\"\" title=\"IMG_5435\" srcset=\"https:\/\/mentalia.pl\/english\/wp-content\/uploads\/sites\/2\/2025\/10\/IMG_5435.jpg 1920w, https:\/\/mentalia.pl\/english\/wp-content\/uploads\/sites\/2\/2025\/10\/IMG_5435-300x225.jpg 300w, https:\/\/mentalia.pl\/english\/wp-content\/uploads\/sites\/2\/2025\/10\/IMG_5435-1024x767.jpg 1024w, https:\/\/mentalia.pl\/english\/wp-content\/uploads\/sites\/2\/2025\/10\/IMG_5435-768x576.jpg 768w, https:\/\/mentalia.pl\/english\/wp-content\/uploads\/sites\/2\/2025\/10\/IMG_5435-1536x1151.jpg 1536w\" sizes=\"(max-width: 1920px) 100vw, 1920px\" \/>\t\t\t\t\t\t\t\t\t\t\t\t<\/div>\r\n\r\n\t\t\r\n\t\t\r\n\t\t\t\t<\/div><!-- .dslc-module -->\r\n\t\t\r\n\t\t<div id=\"dslc-module-79663b25bbe\" class=\"dslc-module-front dslc-module-DSLC_TP_Content dslc-in-viewport-check dslc-in-viewport-anim-none  dslc-col dslc-12-col dslc-last-col  dslc-module-handle-like-regular \" data-module-id=\"79663b25bbe\" data-module=\"DSLC_TP_Content\" data-dslc-module-size=\"12\" data-dslc-anim=\"none\" data-dslc-anim-delay=\"\" data-dslc-anim-duration=\"650\"  data-dslc-anim-easing=\"ease\" data-dslc-preset=\"none\" >\r\n\r\n\t\t\t\r\n\t\t\t\r\n\t\t<div class=\"dslc-tp-content\"><div id=\"dslc-theme-content\"><div id=\"dslc-theme-content-inner\">\n<p><mark style=\"background-color:rgba(0, 0, 0, 0)\" class=\"has-inline-color has-white-color\">.<\/mark><\/p>\n\n\n\n<p>Today we took part in the&nbsp;<strong>Extraordinary General Meeting of Members of the Warsaw Regional Branch of the Polish Psychological Association<\/strong>, held at&nbsp;<strong>Nowowiejski Hospital in Warsaw<\/strong>.<\/p>\n\n\n\n<p>\ud83c\udfaf&nbsp;<strong>The purpose of the meeting<\/strong>&nbsp;was to elect delegates for the new term and to discuss topics and proposals that will be presented at the&nbsp;<strong>Ordinary General Assembly of Delegates of the PPA<\/strong>, scheduled for&nbsp;<strong>December 5\u20137, 2025, in Pozna\u0144<\/strong>.<\/p>\n\n\n\n<p>\ud83d\uddf3\ufe0f&nbsp;<strong>The Chair of the Assembly<\/strong>&nbsp;was&nbsp;<strong>Patryk Ha\u0142ajczak<\/strong>.<br>The following committees were also established:<\/p>\n\n\n\n<p><strong>Credentials Committee<\/strong>\u00a0\u2013\u00a0<em>Anna Brzozowska<\/em>\u00a0and\u00a0<em>\u0141ukasz Pojezierski<\/em>,<\/p>\n\n\n\n<p><strong>Ballot Committee<\/strong>\u00a0\u2013\u00a0<em>Ma\u0142gorzata Borowiecka<\/em>\u00a0and\u00a0<em>Barbara S\u0142awik<\/em><\/p>\n\n\n\n<p>\ud83d\udcac All items on the agenda were completed.&nbsp;<strong>61 delegates out of 77 mandates<\/strong>&nbsp;were elected, and&nbsp;<strong>supplementary elections<\/strong>&nbsp;are currently being considered.<\/p>\n\n\n\n<p>The meeting took place in an atmosphere of&nbsp;<strong>engagement, dialogue, and shared purpose<\/strong>.<br>It marked an important step toward the continued growth of the&nbsp;<strong>psychological and psychotherapeutic community<\/strong>within the Warsaw Regional Branch and across the country.<\/p>\n\n\n\n<p>We\u2019re delighted to have been part of this process \u2013 helping to shape a space where the voices of&nbsp;<strong>practitioners, researchers, and professionals<\/strong>&nbsp;engaged in psychological and psychotherapeutic work can meaningfully influence the future of our community. \ud83e\udd29\ud83c\udf89\ud83c\udf8a<\/p>\n\n\n\n<div class=\"wp-block-columns is-layout-flex wp-container-core-columns-is-layout-9d6595d7 wp-block-columns-is-layout-flex\">\n<div class=\"wp-block-column is-layout-flow wp-block-column-is-layout-flow\">\n<figure class=\"wp-block-image size-large\"><img loading=\"lazy\" decoding=\"async\" width=\"1024\" height=\"768\" src=\"https:\/\/mentalia.pl\/english\/wp-content\/uploads\/sites\/2\/2025\/10\/IMG_5405-Duzy-1024x768.jpeg\" alt=\"\" class=\"wp-image-982\" srcset=\"https:\/\/mentalia.pl\/english\/wp-content\/uploads\/sites\/2\/2025\/10\/IMG_5405-Duzy-1024x768.jpeg 1024w, https:\/\/mentalia.pl\/english\/wp-content\/uploads\/sites\/2\/2025\/10\/IMG_5405-Duzy-300x225.jpeg 300w, https:\/\/mentalia.pl\/english\/wp-content\/uploads\/sites\/2\/2025\/10\/IMG_5405-Duzy-768x576.jpeg 768w, https:\/\/mentalia.pl\/english\/wp-content\/uploads\/sites\/2\/2025\/10\/IMG_5405-Duzy.jpeg 1280w\" sizes=\"auto, (max-width: 1024px) 100vw, 1024px\" \/><figcaption class=\"wp-element-caption\"><em>from the left: Barbara S\u0142awik &#8211; Mentalia &#8211; WarsawMa\u0142gorzata Borowiecka &#8211; Verbum &#8211; Konin, Anna Bryja &#8211; Mokotowskie Centrum Psychoterapii &#8211; Wars<\/em>aw<\/figcaption><\/figure>\n<\/div>\n\n\n\n<div class=\"wp-block-column is-layout-flow wp-block-column-is-layout-flow\">\n<figure class=\"wp-block-image size-large\"><img loading=\"lazy\" decoding=\"async\" width=\"1024\" height=\"768\" src=\"https:\/\/mentalia.pl\/english\/wp-content\/uploads\/sites\/2\/2025\/10\/Basia-i-Gosia-1024x768.jpeg\" alt=\"\" class=\"wp-image-987\" srcset=\"https:\/\/mentalia.pl\/english\/wp-content\/uploads\/sites\/2\/2025\/10\/Basia-i-Gosia-1024x768.jpeg 1024w, https:\/\/mentalia.pl\/english\/wp-content\/uploads\/sites\/2\/2025\/10\/Basia-i-Gosia-300x225.jpeg 300w, https:\/\/mentalia.pl\/english\/wp-content\/uploads\/sites\/2\/2025\/10\/Basia-i-Gosia-768x576.jpeg 768w, https:\/\/mentalia.pl\/english\/wp-content\/uploads\/sites\/2\/2025\/10\/Basia-i-Gosia.jpeg 1280w\" sizes=\"auto, (max-width: 1024px) 100vw, 1024px\" \/><figcaption class=\"wp-element-caption\"><em>from the left: Ma\u0142gorzata Borowiecka, Barbara S\u0142awik, Patryk Ha\u0142ajczak, Patryk Pojezierski, Justyna D\u0105browska, Marcin Obr\u0119bski<\/em><\/figcaption><\/figure>\n<\/div>\n<\/div>\n\n\n\n<div class=\"wp-block-columns is-layout-flex wp-container-core-columns-is-layout-9d6595d7 wp-block-columns-is-layout-flex\">\n<div class=\"wp-block-column is-layout-flow wp-block-column-is-layout-flow\">\n<figure class=\"wp-block-image size-large\"><img loading=\"lazy\" decoding=\"async\" width=\"1024\" height=\"768\" src=\"https:\/\/mentalia.pl\/english\/wp-content\/uploads\/sites\/2\/2025\/10\/IMG_5430-Duzy-1024x768.jpeg\" alt=\"\" class=\"wp-image-983\" srcset=\"https:\/\/mentalia.pl\/english\/wp-content\/uploads\/sites\/2\/2025\/10\/IMG_5430-Duzy-1024x768.jpeg 1024w, https:\/\/mentalia.pl\/english\/wp-content\/uploads\/sites\/2\/2025\/10\/IMG_5430-Duzy-300x225.jpeg 300w, https:\/\/mentalia.pl\/english\/wp-content\/uploads\/sites\/2\/2025\/10\/IMG_5430-Duzy-768x576.jpeg 768w, https:\/\/mentalia.pl\/english\/wp-content\/uploads\/sites\/2\/2025\/10\/IMG_5430-Duzy.jpeg 1280w\" sizes=\"auto, (max-width: 1024px) 100vw, 1024px\" \/><figcaption class=\"wp-element-caption\"><em>from the left: Ma\u0142gorzata Borowiecka, Anna Brzozowska &#8211; Bo Razem &#8211; Warszawa, Patryk Ha\u0142ajczak, \u0141ukasz Pojezierski<\/em><\/figcaption><\/figure>\n<\/div>\n\n\n\n<div class=\"wp-block-column is-layout-flow wp-block-column-is-layout-flow\">\n<figure class=\"wp-block-image size-large\"><img loading=\"lazy\" decoding=\"async\" width=\"1024\" height=\"768\" src=\"https:\/\/mentalia.pl\/english\/wp-content\/uploads\/sites\/2\/2025\/10\/IMG_5433-1024x768.jpg\" alt=\"\" class=\"wp-image-985\" srcset=\"https:\/\/mentalia.pl\/english\/wp-content\/uploads\/sites\/2\/2025\/10\/IMG_5433-1024x768.jpg 1024w, https:\/\/mentalia.pl\/english\/wp-content\/uploads\/sites\/2\/2025\/10\/IMG_5433-300x225.jpg 300w, https:\/\/mentalia.pl\/english\/wp-content\/uploads\/sites\/2\/2025\/10\/IMG_5433-768x576.jpg 768w, https:\/\/mentalia.pl\/english\/wp-content\/uploads\/sites\/2\/2025\/10\/IMG_5433-1536x1153.jpg 1536w, https:\/\/mentalia.pl\/english\/wp-content\/uploads\/sites\/2\/2025\/10\/IMG_5433-2048x1537.jpg 2048w\" sizes=\"auto, (max-width: 1024px) 100vw, 1024px\" \/><figcaption class=\"wp-element-caption\"><em>counted delegate mandates as a keepsake<\/em><\/figcaption><\/figure>\n<\/div>\n<\/div>\n<\/div><\/div><\/div>\r\n\t\t\t\t<\/div><!-- .dslc-module -->\r\n\t\t<\/div><\/div><\/div><\/div><input type=\"hidden\" id=\"dslca-post-data-thumb\" value=\"https:\/\/mentalia.pl\/english\/wp-content\/uploads\/sites\/2\/2025\/10\/IMG_5435.jpg\" \/>","protected":false},"excerpt":{"rendered":"<p>\ud83e\udded\u00a0We\u2019re engaged in the life and growth of our Polish Psychological Association \ud83e\udd1d . Today we took part in the&nbsp;Extraordinary General Meeting of Members of the Warsaw Regional Branch of the Polish Psychological Association, held at&nbsp;Nowowiejski Hospital in Warsaw. \ud83c\udfaf&nbsp;The purpose of the meeting&nbsp;was to elect delegates for the new term and to discuss topics [&hellip;]<\/p>\n","protected":false},"author":1,"featured_media":986,"comment_status":"open","ping_status":"open","sticky":false,"template":"","format":"standard","meta":{"footnotes":""},"categories":[108],"tags":[],"class_list":["post-981","post","type-post","status-publish","format-standard","has-post-thumbnail","hentry","category-news"],"_links":{"self":[{"href":"https:\/\/mentalia.pl\/english\/wp-json\/wp\/v2\/posts\/981","targetHints":{"allow":["GET"]}}],"collection":[{"href":"https:\/\/mentalia.pl\/english\/wp-json\/wp\/v2\/posts"}],"about":[{"href":"https:\/\/mentalia.pl\/english\/wp-json\/wp\/v2\/types\/post"}],"author":[{"embeddable":true,"href":"https:\/\/mentalia.pl\/english\/wp-json\/wp\/v2\/users\/1"}],"replies":[{"embeddable":true,"href":"https:\/\/mentalia.pl\/english\/wp-json\/wp\/v2\/comments?post=981"}],"version-history":[{"count":3,"href":"https:\/\/mentalia.pl\/english\/wp-json\/wp\/v2\/posts\/981\/revisions"}],"predecessor-version":[{"id":990,"href":"https:\/\/mentalia.pl\/english\/wp-json\/wp\/v2\/posts\/981\/revisions\/990"}],"wp:featuredmedia":[{"embeddable":true,"href":"https:\/\/mentalia.pl\/english\/wp-json\/wp\/v2\/media\/986"}],"wp:attachment":[{"href":"https:\/\/mentalia.pl\/english\/wp-json\/wp\/v2\/media?parent=981"}],"wp:term":[{"taxonomy":"category","embeddable":true,"href":"https:\/\/mentalia.pl\/english\/wp-json\/wp\/v2\/categories?post=981"},{"taxonomy":"post_tag","embeddable":true,"href":"https:\/\/mentalia.pl\/english\/wp-json\/wp\/v2\/tags?post=981"}],"curies":[{"name":"wp","href":"https:\/\/api.w.org\/{rel}","templated":true}]}}